{"id":7970,"date":"2026-09-04T09:25:41","date_gmt":"2026-09-04T09:25:41","guid":{"rendered":"https:\/\/www.pagodethienminh.fr\/?p=7970"},"modified":"2026-09-04T09:37:15","modified_gmt":"2026-09-04T09:37:15","slug":"dates-de-juin-aout-2026-des-activites-a-la-pagode-le-programme-pourrait-etre-modifie","status":"publish","type":"post","link":"https:\/\/www.pagodethienminh.fr\/?p=7970","title":{"rendered":"Dates de Septembre \/ Novembre 2026 des activit\u00e9s \u00e0 la pagode (Le programme pourrait \u00eatre modifi\u00e9)"},"content":{"rendered":"\n<figure class=\"wp-block-image size-large is-resized\"><img loading=\"lazy\" decoding=\"async\" width=\"765\" height=\"1024\" src=\"https:\/\/www.pagodethienminh.fr\/wp-content\/uploads\/2026\/09\/Gemini_Generated_Image_he40gnhe40gnhe40-765x1024.jpeg\" alt=\"\" class=\"wp-image-7971\" style=\"aspect-ratio:0.747074757742467;width:418px;height:auto\" srcset=\"https:\/\/www.pagodethienminh.fr\/wp-content\/uploads\/2026\/09\/Gemini_Generated_Image_he40gnhe40gnhe40-765x1024.jpeg 765w, https:\/\/www.pagodethienminh.fr\/wp-content\/uploads\/2026\/09\/Gemini_Generated_Image_he40gnhe40gnhe40-478x640.jpeg 478w, https:\/\/www.pagodethienminh.fr\/wp-content\/uploads\/2026\/09\/Gemini_Generated_Image_he40gnhe40gnhe40-768x1029.jpeg 768w, https:\/\/www.pagodethienminh.fr\/wp-content\/uploads\/2026\/09\/Gemini_Generated_Image_he40gnhe40gnhe40-112x150.jpeg 112w, https:\/\/www.pagodethienminh.fr\/wp-content\/uploads\/2026\/09\/Gemini_Generated_Image_he40gnhe40gnhe40.jpeg 896w\" sizes=\"auto, (max-width: 765px) 100vw, 765px\" \/><\/figure>\n\n\n\n<h1 class=\"wp-block-heading\"><a href=\"https:\/\/www.pagodethienminh.fr\/?page_id=7804\"><strong>Cliquer sur le<\/strong> Programme 2026<\/a><\/h1>\n\n\n\n<p class=\"wp-block-paragraph\">Code vestimentaire :<\/p>\n\n\n\n<ul id=\"block-f9891eb1-2a83-439a-b6a7-7163f3df8d58\" class=\"wp-block-list\">\n<li><strong>le haut : \u00e9paules recouvertes<\/strong><\/li>\n\n\n\n<li><strong>le bas : minimum au niveau du genou<\/strong><\/li>\n<\/ul>\n\n\n\n<hr class=\"wp-block-separator has-alpha-channel-opacity\"\/>\n\n\n\n<p class=\"has-vivid-cyan-blue-color has-text-color has-link-color wp-elements-1 wp-block-paragraph\"><strong>Samedi 05 Septembre : Rencontre et pratique avec le bouddhisme (Sans inscription)<\/strong><\/p>\n\n\n\n<ul id=\"block-73766acf-3bc7-4595-9c8b-eb5ea1bcc330\" class=\"wp-block-list\">\n<li>13h45 : Accueil<\/li>\n\n\n\n<li>14h00 \u2013 15h00 :&nbsp;<strong>M\u00e9ditation<\/strong><\/li>\n\n\n\n<li>15h00 \u2013 16h15 &nbsp;:&nbsp;<strong>Enseignement<\/strong><\/li>\n\n\n\n<li>16h15 \u2013 17h00 :&nbsp;<strong>Moment Convivial (Apporter vos gobelets), vous pouvez aussi apporter quelques g\u00e2teaux, friandises\u2026 pour partager ce moment<\/strong><\/li>\n\n\n\n<li><strong>Participation : 5 \u20ac par personne<\/strong><\/li>\n<\/ul>\n\n\n\n<hr class=\"wp-block-separator has-alpha-channel-opacity\"\/>\n\n\n\n<p class=\"wp-block-paragraph\"><strong>WEEK END DES JOURNEES EUROPEENNES DU PATRIMOINE ET DE LA CULTURE<\/strong><\/p>\n\n\n\n<p class=\"has-vivid-cyan-blue-color has-text-color has-link-color wp-elements-2 wp-block-paragraph\"><strong>Samedi 19 Septembre : Journ\u00e9e du Patrimoine et Rencontre et pratique avec le bouddhisme (Pas besoin de s\u2019inscrire)<\/strong><\/p>\n\n\n\n<p class=\"has-vivid-red-color has-text-color has-link-color wp-elements-3 wp-block-paragraph\"><strong>Matin : visite explicative avec initiation \u00e0 la m\u00e9ditation (Pas besoin de s\u2019inscrire)<\/strong><\/p>\n\n\n\n<ul id=\"block-3726e8e1-fb08-4107-8094-c70107d76da5\" class=\"wp-block-list\">\n<li>08h45 &#8211; 09h00 : RDV devant le Bouddha Couch\u00e9 face au parking<\/li>\n\n\n\n<li>09h00 &#8211; 10h30 : 1e session de visite explicative avec initiation \u00e0 la m\u00e9ditation<\/li>\n<\/ul>\n\n\n\n<p class=\"has-vivid-red-color has-text-color has-link-color wp-elements-4 wp-block-paragraph\"><strong>Apr\u00e8s midi : Rencontre et pratique avec le bouddhisme (Pas besoin de s\u2019inscrire)<\/strong><\/p>\n\n\n\n<ul id=\"block-b28a5be5-ea5b-478d-878c-b9ec5c5952b1\" class=\"wp-block-list\">\n<li>13h45 : Accueil<\/li>\n\n\n\n<li>14h00 \u2013 15h00 :&nbsp;<strong>M\u00e9ditation<\/strong> (Dans le temple)<\/li>\n\n\n\n<li>15h00 \u2013 16h15 &nbsp;:&nbsp;<strong>Enseignement<\/strong> (Dans le temple)<\/li>\n\n\n\n<li>16h15 \u2013 17h00 :&nbsp;<strong>Moment Convivial (Apporter vos gobelets), vous pouvez aussi apporter quelques g\u00e2teaux, friandises\u2026 pour partager ce moment<\/strong><\/li>\n\n\n\n<li><strong>Participation : 5 \u20ac par personne<\/strong><\/li>\n<\/ul>\n\n\n\n<p class=\"has-vivid-cyan-blue-color has-text-color has-link-color wp-elements-5 wp-block-paragraph\"><strong>Dimanche 20 Septembre :&nbsp;Journ\u00e9e culturelle F\u00eate mi-automne \/ Visite explicative avec initiation \u00e0 la m\u00e9ditation<\/strong> <strong>\u00e0 16h30<\/strong><\/p>\n\n\n\n<ul id=\"block-86b54137-5f8e-41c3-99ee-bd0ef9e566dc\" class=\"wp-block-list\">\n<li><strong>10h30&nbsp;<\/strong>:&nbsp;Stands maquillages pour les enfants<\/li>\n\n\n\n<li><strong>11h00&nbsp;<\/strong>: D\u00e9but des stands de sp\u00e9cialit\u00e9s vietnamiennes<\/li>\n\n\n\n<li><strong>13h30&nbsp;<\/strong>:&nbsp;Jeux collectifs pour les enfants<\/li>\n\n\n\n<li><strong>15h30&nbsp;&#8211; 16h30 :&nbsp;Danse du dragon et distribution des lampions et des bonbons<\/strong><\/li>\n\n\n\n<li><strong>16h30 \u2013 18h30 : RDV devant le Bouddha couch\u00e9, Visite explicative et initiation \u00e0 la m\u00e9ditation (Pas d\u2019inscription)<\/strong><\/li>\n<\/ul>\n\n\n\n<hr class=\"wp-block-separator has-alpha-channel-opacity\"\/>\n\n\n\n<p class=\"has-vivid-cyan-blue-color has-text-color has-link-color wp-elements-6 wp-block-paragraph\"><strong>Samedi 26 Septembre : Rencontre et pratique avec le bouddhisme (Sans inscription)<\/strong><\/p>\n\n\n\n<ul id=\"block-34a359c0-5e35-4786-9ebe-7fba6407bba1\" class=\"wp-block-list\">\n<li>13h45 : Accueil<\/li>\n\n\n\n<li>14h00 \u2013 15h00 :&nbsp;<strong>Taichi<\/strong><\/li>\n\n\n\n<li>15h00 \u2013 16h00 :&nbsp;<strong>M\u00e9ditation<\/strong><\/li>\n\n\n\n<li>16h00 \u2013 17h15 &nbsp;:&nbsp;<strong>Enseignement<\/strong><\/li>\n\n\n\n<li>17h15 \u2013 18h00 :&nbsp;<strong>Moment Convivial (Apporter vos gobelets), vous pouvez aussi apporter quelques g\u00e2teaux, friandises\u2026 pour partager ce moment<\/strong><\/li>\n\n\n\n<li><strong>Participation : 5 \u20ac par personne<\/strong><\/li>\n<\/ul>\n\n\n\n<hr class=\"wp-block-separator has-alpha-channel-opacity\"\/>\n\n\n\n<p class=\"has-vivid-red-color has-text-color has-link-color wp-elements-7 wp-block-paragraph\"><strong>Samedi 03 Octobre : Journ\u00e9e d\u2019enseignement et de pratique avec possibilit\u00e9 de repas (Sur r\u00e9servation du repas)<\/strong><\/p>\n\n\n\n<ul class=\"wp-block-list\">\n<li>09h30 -10h : Accueil dans la salle d\u2019enseignement<\/li>\n\n\n\n<li><strong>10h \u2013 12h<\/strong>&nbsp;:&nbsp;<strong>Enseignement<\/strong>&nbsp;donn\u00e9 par le V\u00e9n\u00e9rable Thich Hanh Gioi (Allemagne) &#8211; <strong>Participation <strong>5\u20ac\/pers<\/strong><\/strong><\/li>\n\n\n\n<li><strong>12h \u2013 13h15<\/strong>&nbsp;:&nbsp;<strong>Repas sur inscription et r\u00e9servation <strong>par mail huyencao2803@yahoo.fr<\/strong><\/strong> <strong>&#8211; Participation 15 \u20ac\/pers.<\/strong><\/li>\n\n\n\n<li>13h15 &#8211; 14h15 : <strong>Tai chi<\/strong><\/li>\n\n\n\n<li><strong>14h30 \u2013 16h30<\/strong>&nbsp;:&nbsp;<strong>Pratique&nbsp;<\/strong>donn\u00e9 par le V\u00e9n\u00e9rable Thich Hanh Gioi (Allemagne) &#8211; <strong>Participation 5\u20ac\/pers<\/strong><\/li>\n\n\n\n<li><strong>16h30 \u2013 17h30 :<\/strong>&nbsp;<strong>Moment Convivial (Apporter vos gobelets), vous pouvez aussi apporter quelques g\u00e2teaux, friandises\u2026 pour partager ce moment<\/strong><\/li>\n<\/ul>\n\n\n\n<hr class=\"wp-block-separator has-alpha-channel-opacity\"\/>\n\n\n\n<p class=\"has-vivid-cyan-blue-color has-text-color has-link-color wp-elements-8 wp-block-paragraph\"><strong>Samedi 10 Octobre : Rencontre et pratique avec le bouddhisme (Sans inscription)<\/strong><\/p>\n\n\n\n<ul id=\"block-4fd3866f-78c6-433b-89ef-d8ba66087122\" class=\"wp-block-list\">\n<li>13h45 : Accueil<\/li>\n\n\n\n<li>14h00 \u2013 15h00 :&nbsp;<strong>Taichi<\/strong><\/li>\n\n\n\n<li>15h00 \u2013 16h00 :&nbsp;<strong>M\u00e9ditation<\/strong><\/li>\n\n\n\n<li>16h00 \u2013 17h15 &nbsp;:&nbsp;<strong>Enseignement<\/strong><\/li>\n\n\n\n<li>17h15 \u2013 18h00 :&nbsp;<strong>Moment Convivial (Apporter vos gobelets), vous pouvez aussi apporter quelques g\u00e2teaux, friandises\u2026 pour partager ce moment<\/strong><\/li>\n\n\n\n<li><strong>Participation : 5 \u20ac par personne<\/strong><\/li>\n<\/ul>\n\n\n\n<hr class=\"wp-block-separator has-alpha-channel-opacity\"\/>\n\n\n\n<p class=\"has-vivid-cyan-blue-color has-text-color has-link-color wp-elements-9 wp-block-paragraph\"><strong>Samedi 17 Octobre : Approfondissement et rencontre et pratique dans le bouddhisme (Pas besoin de s\u2019inscrire)<\/strong><\/p>\n\n\n\n<p class=\"wp-block-paragraph\">Si vous rester toute la journ\u00e9e, vous pouvez apporter votre repas (sandwich &#8230;)<\/p>\n\n\n\n<p class=\"wp-block-paragraph\">Matin<\/p>\n\n\n\n<ul id=\"block-ba36eb11-0dc1-42e5-b656-8852d5a33663\" class=\"wp-block-list\">\n<li>09h30-09h45 : Accueil<\/li>\n\n\n\n<li><strong>09h45-12h00 : Approfondissement<\/strong><\/li>\n\n\n\n<li><strong>Participation : 5 \u20ac par personne<\/strong><\/li>\n<\/ul>\n\n\n\n<p class=\"wp-block-paragraph\">Apr\u00e8s-midi<\/p>\n\n\n\n<ul id=\"block-884a6017-8e49-46e6-b546-5b4334227313\" class=\"wp-block-list\">\n<li>13h45 : Accueil<\/li>\n\n\n\n<li>14h00 \u2013 15h00 :&nbsp;<strong>M\u00e9ditation<\/strong><\/li>\n\n\n\n<li>15h00 \u2013 16h15 &nbsp;:&nbsp;<strong>Enseignement<\/strong><\/li>\n\n\n\n<li>16h15 \u2013 15h00 :&nbsp;<strong>Moment Convivial (Apporter vos gobelets), vous pouvez aussi apporter quelques g\u00e2teaux, friandises\u2026 \u00e0 partager<\/strong><\/li>\n\n\n\n<li>P<strong>articipation : 5 \u20ac par personne<\/strong><\/li>\n<\/ul>\n","protected":false},"excerpt":{"rendered":"<p>Cliquer sur le Programme 2026 Code vestimentaire : Samedi 05 Septembre : Rencontre et pratique avec le bouddhisme (Sans inscription) WEEK END DES JOURNEES EUROPEENNES \u2026 <a class=\"continue-reading-link\" href=\"https:\/\/www.pagodethienminh.fr\/?p=7970\">Continue \u00e0 lire <span class=\"meta-nav\">&rarr; <\/span><\/a><\/p>\n","protected":false},"author":1,"featured_media":0,"comment_status":"closed","ping_status":"closed","sticky":false,"template":"","format":"quote","meta":{"footnotes":""},"categories":[3,5],"tags":[],"class_list":["post-7970","post","type-post","status-publish","format-quote","hentry","category-evenements","category-rencontres-et-sessions","post_format-post-format-quote"],"_links":{"self":[{"href":"https:\/\/www.pagodethienminh.fr\/index.php?rest_route=\/wp\/v2\/posts\/7970","targetHints":{"allow":["GET"]}}],"collection":[{"href":"https:\/\/www.pagodethienminh.fr\/index.php?rest_route=\/wp\/v2\/posts"}],"about":[{"href":"https:\/\/www.pagodethienminh.fr\/index.php?rest_route=\/wp\/v2\/types\/post"}],"author":[{"embeddable":true,"href":"https:\/\/www.pagodethienminh.fr\/index.php?rest_route=\/wp\/v2\/users\/1"}],"replies":[{"embeddable":true,"href":"https:\/\/www.pagodethienminh.fr\/index.php?rest_route=%2Fwp%2Fv2%2Fcomments&post=7970"}],"version-history":[{"count":3,"href":"https:\/\/www.pagodethienminh.fr\/index.php?rest_route=\/wp\/v2\/posts\/7970\/revisions"}],"predecessor-version":[{"id":7979,"href":"https:\/\/www.pagodethienminh.fr\/index.php?rest_route=\/wp\/v2\/posts\/7970\/revisions\/7979"}],"wp:attachment":[{"href":"https:\/\/www.pagodethienminh.fr\/index.php?rest_route=%2Fwp%2Fv2%2Fmedia&parent=7970"}],"wp:term":[{"taxonomy":"category","embeddable":true,"href":"https:\/\/www.pagodethienminh.fr\/index.php?rest_route=%2Fwp%2Fv2%2Fcategories&post=7970"},{"taxonomy":"post_tag","embeddable":true,"href":"https:\/\/www.pagodethienminh.fr\/index.php?rest_route=%2Fwp%2Fv2%2Ftags&post=7970"}],"curies":[{"name":"wp","href":"https:\/\/api.w.org\/{rel}","templated":true}]}}