{"id":7411,"date":"2024-11-08T09:10:38","date_gmt":"2024-11-08T09:10:38","guid":{"rendered":"https:\/\/www.pagodethienminh.fr\/?p=7411"},"modified":"2024-11-30T20:31:47","modified_gmt":"2024-11-30T20:31:47","slug":"dates-de-novembre-decembre-2024-des-activites-a-la-pagode-le-programme-pourrait-etre-modifie","status":"publish","type":"post","link":"https:\/\/www.pagodethienminh.fr\/?p=7411","title":{"rendered":"Dates de Novembre \/ D\u00e9cembre 2024 des activit\u00e9s \u00e0 la pagode (Le programme pourrait \u00eatre modifi\u00e9)"},"content":{"rendered":"<div class=\"wp-block-image\">\n<figure class=\"aligncenter size-large is-resized\"><img loading=\"lazy\" decoding=\"async\" width=\"1024\" height=\"1024\" src=\"https:\/\/www.pagodethienminh.fr\/wp-content\/uploads\/2024\/11\/IMG_4754-1024x1024.jpg\" alt=\"\" class=\"wp-image-7413\" style=\"width:230px;height:auto\" srcset=\"https:\/\/www.pagodethienminh.fr\/wp-content\/uploads\/2024\/11\/IMG_4754-1024x1024.jpg 1024w, https:\/\/www.pagodethienminh.fr\/wp-content\/uploads\/2024\/11\/IMG_4754-640x640.jpg 640w, https:\/\/www.pagodethienminh.fr\/wp-content\/uploads\/2024\/11\/IMG_4754-150x150.jpg 150w, https:\/\/www.pagodethienminh.fr\/wp-content\/uploads\/2024\/11\/IMG_4754-768x768.jpg 768w, https:\/\/www.pagodethienminh.fr\/wp-content\/uploads\/2024\/11\/IMG_4754.jpg 1224w\" sizes=\"auto, (max-width: 1024px) 100vw, 1024px\" \/><\/figure>\n<\/div>\n\n\n<p class=\"has-text-align-center\"><a href=\"https:\/\/www.pagodethienminh.fr\/wp-content\/uploads\/2023\/10\/IMG_7451.heic\"><strong>(Cliquer sur le <\/strong><\/a><strong><a href=\"https:\/\/www.pagodethienminh.fr\/?page_id=7136\">Programme 2024)<\/a><\/strong><\/p>\n\n\n\n<ol class=\"wp-block-list\">\n<li><strong>le haut : \u00e9paules recouvertes<\/strong><\/li>\n\n\n\n<li><strong>le bas : minimum au niveau du genou<\/strong><\/li>\n<\/ol>\n\n\n\n<hr class=\"wp-block-separator has-alpha-channel-opacity\"\/>\n\n\n\n<p><strong>Samedi 09 Novembre : Rencontre et pratique avec le bouddhisme<\/strong><\/p>\n\n\n\n<ul class=\"wp-block-list\">\n<li>13h45 : Accueil<\/li>\n\n\n\n<li>14h00 &#8211; 15h00 : <strong>M\u00e9ditation<\/strong><\/li>\n\n\n\n<li>15h00 &#8211; 16h15 &nbsp;: <strong>Enseignement<\/strong><\/li>\n\n\n\n<li>16h15 &#8211; 17h00 : <strong>Moment Convivial (Apporter vos gobelets), vous pouvez aussi apporter quelques g\u00e2teaux, friandises&#8230; pour partager ce moment<\/strong><\/li>\n\n\n\n<li><strong>Participation : 5 \u20ac par personne<\/strong><\/li>\n<\/ul>\n\n\n\n<hr class=\"wp-block-separator has-alpha-channel-opacity\"\/>\n\n\n\n<p><strong>Dimanche 17 Novembre<\/strong>: <strong>\u00ab&nbsp;C\u00e9r\u00e9monie&nbsp;de la derni\u00e8re Pleine Lune, C\u00e9r\u00e9monie de souhaits&nbsp;\u00bb<\/strong><\/p>\n\n\n\n<ul class=\"wp-block-list\">\n<li>11h00 : C\u00e9r\u00e9monie de souhaits et rituels d\u2019offrandes pour les d\u00e9funts<\/li>\n\n\n\n<li>12h00 : Repas v\u00e9g\u00e9tarien offert<\/li>\n\n\n\n<li>14h00 : R\u00e9citation du Sutra de Souhaits<\/li>\n\n\n\n<li>15h30 : Fin de la c\u00e9r\u00e9monie<\/li>\n<\/ul>\n\n\n\n<hr class=\"wp-block-separator has-alpha-channel-opacity\"\/>\n\n\n\n<p><strong>Samedi 23 Novembre : Rencontre et pratique avec le bouddhisme<\/strong><\/p>\n\n\n\n<ul class=\"wp-block-list\">\n<li>13h45 : Accueil<\/li>\n\n\n\n<li>14h00 &#8211; 15h00 : <strong>M\u00e9ditation<\/strong><\/li>\n\n\n\n<li>15h00 &#8211; 16h15 &nbsp;: <strong>Enseignement<\/strong><\/li>\n\n\n\n<li>16h15 &#8211; 17h00 : <strong>Moment Convivial (Apporter vos gobelets), vous pouvez aussi apporter quelques g\u00e2teaux, friandises&#8230; pour partager ce moment<\/strong><\/li>\n\n\n\n<li><strong>Participation : 5 \u20ac par personne<\/strong><\/li>\n<\/ul>\n\n\n\n<hr class=\"wp-block-separator has-alpha-channel-opacity\"\/>\n\n\n\n<p class=\"has-vivid-red-color has-text-color has-link-color wp-elements-7e4b49215c6f2f2f4a56cf1a2e3b35a3\"><strong>Samedi 30 Novembre :&nbsp;<\/strong><strong>Journ\u00e9e d&#8217;enseignement avec possibilit\u00e9 de repas<\/strong><\/p>\n\n\n\n<ul class=\"wp-block-list\">\n<li>09h30 -10h : Accueil dans la salle d&#8217;enseignement<\/li>\n\n\n\n<li><strong>10h \u2013 12h<\/strong>&nbsp;:&nbsp;<strong>Enseignement<\/strong> donn\u00e9 par Lama Seunam Dorj\u00e9 (<strong>5 \u20ac par personne)<\/strong><\/li>\n\n\n\n<li><strong>12h \u2013 14h<\/strong>&nbsp;:&nbsp;<strong>Repas sur inscription pour les personnes qui suivent les 2 sessions (En priorit\u00e9) ou 1 seule session (Nombre limit\u00e9 \u00e0 50 personnes) &#8211; 15 \u20ac par personne \/ repas sur r\u00e9servation par mail huyencao2803@yahoo.fr<\/strong><\/li>\n\n\n\n<li><strong>14h30 \u2013 16h30<\/strong>&nbsp;:&nbsp;<strong>Enseignement <\/strong>donn\u00e9 par Lama Seunam Dorj\u00e9 (<strong>5 \u20ac par personne)<\/strong><\/li>\n\n\n\n<li><strong>16h30 &#8211; 17h30 :<\/strong> <strong>Moment Convivial (Apporter vos gobelets), vous pouvez aussi apporter quelques g\u00e2teaux, friandises&#8230; pour partager ce moment<\/strong><\/li>\n<\/ul>\n\n\n\n<p class=\"has-vivid-red-color has-text-color has-link-color wp-elements-e7099b6eadbc2628c2e8373eaec364fb\"><strong>Dimanche 01 D\u00e9cembre : M\u00e9ditation guid\u00e9e<\/strong><\/p>\n\n\n\n<ul class=\"wp-block-list\">\n<li>14h45 &#8211; 15h: Accueil dans la salle de m\u00e9ditation<\/li>\n\n\n\n<li><strong>15h \u2013 17h<\/strong>&nbsp;:&nbsp;<strong>Pratique de la m\u00e9ditation<\/strong> donn\u00e9 par Lama Seunam Dorj\u00e9&nbsp;(<strong>5 \u20ac par personne)<\/strong><\/li>\n\n\n\n<li><strong>17h00 &#8211; 18h00 :<\/strong> <strong>Moment Convivial (Apporter vos gobelets), vous pouvez aussi apporter quelques g\u00e2teaux, friandises&#8230; pour partager ce moment<\/strong><\/li>\n\n\n\n<li><strong>Participation : 5 \u20ac par personne<\/strong><\/li>\n<\/ul>\n\n\n\n<hr class=\"wp-block-separator has-alpha-channel-opacity\"\/>\n\n\n\n<p><strong>Samedi 07 D\u00e9cembre: Rencontre et pratique avec le bouddhisme<\/strong><\/p>\n\n\n\n<ul class=\"wp-block-list\">\n<li>13h45 : Accueil<\/li>\n\n\n\n<li>14h00 &#8211; 15h00 : <strong>M\u00e9ditation<\/strong><\/li>\n\n\n\n<li>15h00 &#8211; 16h15 &nbsp;: <strong>Enseignement<\/strong><\/li>\n\n\n\n<li>16h15 &#8211; 17h00 : <strong>Moment Convivial (Apporter vos gobelets), vous pouvez aussi apporter quelques g\u00e2teaux, friandises&#8230; pour partager ce moment<\/strong><\/li>\n\n\n\n<li><strong>Participation : 5 \u20ac par personne<\/strong><\/li>\n<\/ul>\n\n\n\n<hr class=\"wp-block-separator has-alpha-channel-opacity\"\/>\n\n\n\n<p><strong>Samedi 14 D\u00e9cembre: Rencontre et pratique avec le bouddhisme<\/strong><\/p>\n\n\n\n<ul class=\"wp-block-list\">\n<li>13h45 : Accueil<\/li>\n\n\n\n<li>14h00 &#8211; 15h00 : <strong>M\u00e9ditation<\/strong><\/li>\n\n\n\n<li>15h00 &#8211; 16h15 &nbsp;: <strong>Enseignement<\/strong><\/li>\n\n\n\n<li>16h15 &#8211; 17h00 : <strong>Moment Convivial (Apporter vos gobelets), vous pouvez aussi apporter quelques g\u00e2teaux, friandises&#8230; pour partager ce moment<\/strong><\/li>\n\n\n\n<li><strong>Participation : 5 \u20ac par personne<\/strong><\/li>\n<\/ul>\n\n\n\n<hr class=\"wp-block-separator has-alpha-channel-opacity\"\/>\n\n\n\n<p><strong>Samedi 21 D\u00e9cembre: Rencontre et pratique avec le bouddhisme<\/strong> <strong>(A confirmer)<\/strong><\/p>\n\n\n\n<ul class=\"wp-block-list\">\n<li>13h45 : Accueil<\/li>\n\n\n\n<li>14h00 &#8211; 15h00 : <strong>M\u00e9ditation<\/strong><\/li>\n\n\n\n<li>15h00 &#8211; 16h15 &nbsp;: <strong>Enseignement<\/strong><\/li>\n\n\n\n<li>16h15 &#8211; 17h00 : <strong>Moment Convivial (Apporter vos gobelets), vous pouvez aussi apporter quelques g\u00e2teaux, friandises&#8230; pour partager ce moment<\/strong><\/li>\n\n\n\n<li><strong>Participation : 5 \u20ac par personne<\/strong><\/li>\n<\/ul>\n","protected":false},"excerpt":{"rendered":"<p>(Cliquer sur le Programme 2024) Samedi 09 Novembre : Rencontre et pratique avec le bouddhisme Dimanche 17 Novembre: \u00ab&nbsp;C\u00e9r\u00e9monie&nbsp;de la derni\u00e8re Pleine Lune, C\u00e9r\u00e9monie de \u2026 <a class=\"continue-reading-link\" href=\"https:\/\/www.pagodethienminh.fr\/?p=7411\">Continue \u00e0 lire <span class=\"meta-nav\">&rarr; <\/span><\/a><\/p>\n","protected":false},"author":1,"featured_media":0,"comment_status":"closed","ping_status":"closed","sticky":false,"template":"","format":"quote","meta":{"footnotes":""},"categories":[5],"tags":[],"class_list":["post-7411","post","type-post","status-publish","format-quote","hentry","category-rencontres-et-sessions","post_format-post-format-quote"],"_links":{"self":[{"href":"https:\/\/www.pagodethienminh.fr\/index.php?rest_route=\/wp\/v2\/posts\/7411","targetHints":{"allow":["GET"]}}],"collection":[{"href":"https:\/\/www.pagodethienminh.fr\/index.php?rest_route=\/wp\/v2\/posts"}],"about":[{"href":"https:\/\/www.pagodethienminh.fr\/index.php?rest_route=\/wp\/v2\/types\/post"}],"author":[{"embeddable":true,"href":"https:\/\/www.pagodethienminh.fr\/index.php?rest_route=\/wp\/v2\/users\/1"}],"replies":[{"embeddable":true,"href":"https:\/\/www.pagodethienminh.fr\/index.php?rest_route=%2Fwp%2Fv2%2Fcomments&post=7411"}],"version-history":[{"count":4,"href":"https:\/\/www.pagodethienminh.fr\/index.php?rest_route=\/wp\/v2\/posts\/7411\/revisions"}],"predecessor-version":[{"id":7433,"href":"https:\/\/www.pagodethienminh.fr\/index.php?rest_route=\/wp\/v2\/posts\/7411\/revisions\/7433"}],"wp:attachment":[{"href":"https:\/\/www.pagodethienminh.fr\/index.php?rest_route=%2Fwp%2Fv2%2Fmedia&parent=7411"}],"wp:term":[{"taxonomy":"category","embeddable":true,"href":"https:\/\/www.pagodethienminh.fr\/index.php?rest_route=%2Fwp%2Fv2%2Fcategories&post=7411"},{"taxonomy":"post_tag","embeddable":true,"href":"https:\/\/www.pagodethienminh.fr\/index.php?rest_route=%2Fwp%2Fv2%2Ftags&post=7411"}],"curies":[{"name":"wp","href":"https:\/\/api.w.org\/{rel}","templated":true}]}}