{"id":6746,"date":"2020-09-21T07:52:30","date_gmt":"2020-09-21T07:52:30","guid":{"rendered":"http:\/\/www.pagodethienminh.fr\/?p=6746"},"modified":"2020-09-24T18:44:39","modified_gmt":"2020-09-24T18:44:39","slug":"samedi-26-septembre-09h45-12h-visite-guidee-et-initiation-a-la-meditation","status":"publish","type":"post","link":"https:\/\/www.pagodethienminh.fr\/?p=6746","title":{"rendered":"Samedi 26 Septembre 09h45-12h: visite guid\u00e9e et initiation \u00e0 la m\u00e9ditation"},"content":{"rendered":"\n<figure class=\"wp-block-image size-large\"><img loading=\"lazy\" decoding=\"async\" width=\"569\" height=\"1024\" src=\"https:\/\/www.pagodethienminh.fr\/wp-content\/uploads\/2020\/09\/118582862_2685878421682879_3704458025471291244_o-569x1024.jpg\" alt=\"\" class=\"wp-image-6735\" srcset=\"https:\/\/www.pagodethienminh.fr\/wp-content\/uploads\/2020\/09\/118582862_2685878421682879_3704458025471291244_o-569x1024.jpg 569w, https:\/\/www.pagodethienminh.fr\/wp-content\/uploads\/2020\/09\/118582862_2685878421682879_3704458025471291244_o-356x640.jpg 356w, https:\/\/www.pagodethienminh.fr\/wp-content\/uploads\/2020\/09\/118582862_2685878421682879_3704458025471291244_o-768x1382.jpg 768w, https:\/\/www.pagodethienminh.fr\/wp-content\/uploads\/2020\/09\/118582862_2685878421682879_3704458025471291244_o-83x150.jpg 83w, https:\/\/www.pagodethienminh.fr\/wp-content\/uploads\/2020\/09\/118582862_2685878421682879_3704458025471291244_o.jpg 800w\" sizes=\"auto, (max-width: 569px) 100vw, 569px\" \/><figcaption>Bouddha de M\u00e9decine \/ Bouddha Bhaishajyaguru<\/figcaption><\/figure>\n\n\n\n<p>Samedi 26 Septembre (09h45 \u00e0 12h00) est organis\u00e9 une visites guid\u00e9e <strong>(Port de masque obligatoire)<\/strong> incluant une initiation \u00e0 la pratique de la m\u00e9ditation. Cette visite est <strong>limit\u00e9e en nombre de participants et sur r\u00e9servation<\/strong>. Il reste encore <strong><span class=\"has-inline-color has-vivid-red-color\">10 places disponibles<\/span> <\/strong>: pour s&#8217;inscrire, veuillez envoyer un mail de r\u00e9servation \u00e0 pagodethienminh@gmail.com avec le nombre de participants. Vous recevrez alors un mail de confirmation.<\/p>\n\n\n\n<p>Veuillez vous garer sur le parking du temple. Le point de rendez-vous sera sur le parking \u00e0 09h30.<\/p>\n\n\n\n<p><strong>Participation :<\/strong> 3 euros par adulte \/ Gratuit pour les \u00e9tudiants et moins de 18 ans.<\/p>\n","protected":false},"excerpt":{"rendered":"<p>Samedi 26 Septembre (09h45 \u00e0 12h00) est organis\u00e9 une visites guid\u00e9e (Port de masque obligatoire) incluant une initiation \u00e0 la pratique de la m\u00e9ditation. Cette \u2026 <a class=\"continue-reading-link\" href=\"https:\/\/www.pagodethienminh.fr\/?p=6746\">Continue \u00e0 lire <span class=\"meta-nav\">&rarr; <\/span><\/a><\/p>\n","protected":false},"author":1,"featured_media":0,"comment_status":"closed","ping_status":"closed","sticky":false,"template":"","format":"quote","meta":{"footnotes":""},"categories":[5],"tags":[],"class_list":["post-6746","post","type-post","status-publish","format-quote","hentry","category-rencontres-et-sessions","post_format-post-format-quote"],"_links":{"self":[{"href":"https:\/\/www.pagodethienminh.fr\/index.php?rest_route=\/wp\/v2\/posts\/6746","targetHints":{"allow":["GET"]}}],"collection":[{"href":"https:\/\/www.pagodethienminh.fr\/index.php?rest_route=\/wp\/v2\/posts"}],"about":[{"href":"https:\/\/www.pagodethienminh.fr\/index.php?rest_route=\/wp\/v2\/types\/post"}],"author":[{"embeddable":true,"href":"https:\/\/www.pagodethienminh.fr\/index.php?rest_route=\/wp\/v2\/users\/1"}],"replies":[{"embeddable":true,"href":"https:\/\/www.pagodethienminh.fr\/index.php?rest_route=%2Fwp%2Fv2%2Fcomments&post=6746"}],"version-history":[{"count":2,"href":"https:\/\/www.pagodethienminh.fr\/index.php?rest_route=\/wp\/v2\/posts\/6746\/revisions"}],"predecessor-version":[{"id":6749,"href":"https:\/\/www.pagodethienminh.fr\/index.php?rest_route=\/wp\/v2\/posts\/6746\/revisions\/6749"}],"wp:attachment":[{"href":"https:\/\/www.pagodethienminh.fr\/index.php?rest_route=%2Fwp%2Fv2%2Fmedia&parent=6746"}],"wp:term":[{"taxonomy":"category","embeddable":true,"href":"https:\/\/www.pagodethienminh.fr\/index.php?rest_route=%2Fwp%2Fv2%2Fcategories&post=6746"},{"taxonomy":"post_tag","embeddable":true,"href":"https:\/\/www.pagodethienminh.fr\/index.php?rest_route=%2Fwp%2Fv2%2Ftags&post=6746"}],"curies":[{"name":"wp","href":"https:\/\/api.w.org\/{rel}","templated":true}]}}