{"id":6742,"date":"2020-09-15T07:23:46","date_gmt":"2020-09-15T07:23:46","guid":{"rendered":"http:\/\/www.pagodethienminh.fr\/?p=6742"},"modified":"2020-09-17T12:24:02","modified_gmt":"2020-09-17T12:24:02","slug":"samedi-19-septembre-journee-du-patrimoine-visite-guidee-et-initiation-a-la-meditation-sur-inscription","status":"publish","type":"post","link":"https:\/\/www.pagodethienminh.fr\/?p=6742","title":{"rendered":"Samedi 19 Septembre : Journ\u00e9e du patrimoine &#8211; visite guid\u00e9e et initiation \u00e0 la m\u00e9ditation sur inscription"},"content":{"rendered":"\n<figure class=\"wp-block-image size-large\"><img loading=\"lazy\" decoding=\"async\" width=\"960\" height=\"720\" src=\"https:\/\/www.pagodethienminh.fr\/wp-content\/uploads\/2020\/07\/89761019_2545593039044752_5324355594029629440_n.jpg\" alt=\"\" class=\"wp-image-6688\" srcset=\"https:\/\/www.pagodethienminh.fr\/wp-content\/uploads\/2020\/07\/89761019_2545593039044752_5324355594029629440_n.jpg 960w, https:\/\/www.pagodethienminh.fr\/wp-content\/uploads\/2020\/07\/89761019_2545593039044752_5324355594029629440_n-640x480.jpg 640w, https:\/\/www.pagodethienminh.fr\/wp-content\/uploads\/2020\/07\/89761019_2545593039044752_5324355594029629440_n-768x576.jpg 768w, https:\/\/www.pagodethienminh.fr\/wp-content\/uploads\/2020\/07\/89761019_2545593039044752_5324355594029629440_n-150x113.jpg 150w, https:\/\/www.pagodethienminh.fr\/wp-content\/uploads\/2020\/07\/89761019_2545593039044752_5324355594029629440_n-200x150.jpg 200w\" sizes=\"auto, (max-width: 960px) 100vw, 960px\" \/><\/figure>\n\n\n\n<p class=\"has-text-align-center\"><strong><span class=\"has-inline-color has-vivid-red-color\">Port de masque obligatoire<\/span><\/strong><\/p>\n\n\n\n<p>09h45 \u00e0 12h00 : visite guid\u00e9e incluant une initiation \u00e0 la pratique de la m\u00e9ditation. Cette visite est <strong>limit\u00e9e en nombre de participants et sur r\u00e9servation<\/strong>. Il reste <strong><span class=\"has-inline-color has-vivid-red-color\">8 places disponibles<\/span><\/strong>. Le point de rendez-vous sera sur le parking \u00e0 09h30<\/p>\n\n\n\n<p class=\"has-text-align-left\">16h30 \u00e0 18h30 : visite guid\u00e9e incluant une initiation \u00e0 la pratique de la m\u00e9ditation. Cette visite est <strong>limit\u00e9e en nombre de participants et sur r\u00e9servation<\/strong>. Il reste <strong><span class=\"has-inline-color has-vivid-red-color\">25 places disponibles<\/span><\/strong>. Le point de rendez-vous sera sur le parking \u00e0 16h15.<\/p>\n\n\n\n<p>Pour s&#8217;inscrire, veuillez envoyer un mail de r\u00e9servation \u00e0 pagodethienminh@gmail.com avec le nombre de participants. Vous recevrez alors un mail de confirmation.<\/p>\n\n\n\n<p>Veuillez vous garer sur le parking du temple. <\/p>\n\n\n\n<p><strong>Participation :<\/strong> 3 euros par adulte \/ Gratuit pour les \u00e9tudiants et les moins de 18 ans.<\/p>\n","protected":false},"excerpt":{"rendered":"<p>Port de masque obligatoire 09h45 \u00e0 12h00 : visite guid\u00e9e incluant une initiation \u00e0 la pratique de la m\u00e9ditation. Cette visite est limit\u00e9e en nombre \u2026 <a class=\"continue-reading-link\" href=\"https:\/\/www.pagodethienminh.fr\/?p=6742\">Continue \u00e0 lire <span class=\"meta-nav\">&rarr; <\/span><\/a><\/p>\n","protected":false},"author":1,"featured_media":0,"comment_status":"closed","ping_status":"closed","sticky":false,"template":"","format":"quote","meta":{"footnotes":""},"categories":[5],"tags":[],"class_list":["post-6742","post","type-post","status-publish","format-quote","hentry","category-rencontres-et-sessions","post_format-post-format-quote"],"_links":{"self":[{"href":"https:\/\/www.pagodethienminh.fr\/index.php?rest_route=\/wp\/v2\/posts\/6742","targetHints":{"allow":["GET"]}}],"collection":[{"href":"https:\/\/www.pagodethienminh.fr\/index.php?rest_route=\/wp\/v2\/posts"}],"about":[{"href":"https:\/\/www.pagodethienminh.fr\/index.php?rest_route=\/wp\/v2\/types\/post"}],"author":[{"embeddable":true,"href":"https:\/\/www.pagodethienminh.fr\/index.php?rest_route=\/wp\/v2\/users\/1"}],"replies":[{"embeddable":true,"href":"https:\/\/www.pagodethienminh.fr\/index.php?rest_route=%2Fwp%2Fv2%2Fcomments&post=6742"}],"version-history":[{"count":2,"href":"https:\/\/www.pagodethienminh.fr\/index.php?rest_route=\/wp\/v2\/posts\/6742\/revisions"}],"predecessor-version":[{"id":6745,"href":"https:\/\/www.pagodethienminh.fr\/index.php?rest_route=\/wp\/v2\/posts\/6742\/revisions\/6745"}],"wp:attachment":[{"href":"https:\/\/www.pagodethienminh.fr\/index.php?rest_route=%2Fwp%2Fv2%2Fmedia&parent=6742"}],"wp:term":[{"taxonomy":"category","embeddable":true,"href":"https:\/\/www.pagodethienminh.fr\/index.php?rest_route=%2Fwp%2Fv2%2Fcategories&post=6742"},{"taxonomy":"post_tag","embeddable":true,"href":"https:\/\/www.pagodethienminh.fr\/index.php?rest_route=%2Fwp%2Fv2%2Ftags&post=6742"}],"curies":[{"name":"wp","href":"https:\/\/api.w.org\/{rel}","templated":true}]}}